{"id":1041,"date":"2024-07-22T11:46:35","date_gmt":"2024-07-22T09:46:35","guid":{"rendered":"https:\/\/centrazensudgrenoble.com\/?p=1041"},"modified":"2024-07-22T11:48:02","modified_gmt":"2024-07-22T09:48:02","slug":"zenaction-2","status":"publish","type":"post","link":"https:\/\/centrazensudgrenoble.com\/index.php\/2024\/07\/22\/zenaction-2\/","title":{"rendered":"ZenAC&#8217;tions en JUILLET"},"content":{"rendered":"\n<div class=\"wp-block-uagb-container uagb-block-f4e63da7 alignfull uagb-is-root-container\"><div class=\"uagb-container-inner-blocks-wrap\">\n<div class=\"wp-block-uagb-container uagb-block-9533bb0d\">\n<h4 class=\"wp-block-heading has-large-font-size\">Mois de JUILLET 2024<\/h4>\n\n\n\n<p>_ Certification QUALIOPI !!!<\/p>\n\n\n\n<p>_ Apr\u00e8s une ann\u00e9e intense, Centrazen, Aurore et Carine seront en cong\u00e9s estivales du 27 Juillet au 19 Ao\u00fbt 2024 ! La reprise des rendez-vous fauteuil massant + lunettes de relaxation se fera d\u00e9s notre retour ! L&#8217;\u00e9quipe de praticiennes continue \u00e0 vous accueillir dans les locaux pour vos rdv individuels.<\/p>\n\n\n\n<div class=\"wp-block-uagb-separator uagb-block-fdfa70e7\"><div class=\"wp-block-uagb-separator__inner\" style=\"--my-background-image:\"><\/div><\/div>\n<\/div>\n<\/div><\/div>\n\n\n\n<p><\/p>\n","protected":false},"excerpt":{"rendered":"<p>Mois de JUILLET 2024 _ Certification QUALIOPI !!! _ Apr\u00e8s une ann\u00e9e intense, Centrazen, Aurore et Carine seront en cong\u00e9s estivales du 27 Juillet au 19 Ao\u00fbt 2024 ! La reprise des rendez-vous fauteuil massant + lunettes de relaxation se fera d\u00e9s notre retour ! L&#8217;\u00e9quipe de praticiennes continue \u00e0 vous accueillir dans les locaux [&hellip;]<\/p>\n","protected":false},"author":1,"featured_media":0,"comment_status":"closed","ping_status":"closed","sticky":false,"template":"","format":"standard","meta":{"_uag_custom_page_level_css":"","_swt_meta_header_display":false,"_swt_meta_footer_display":false,"_swt_meta_site_title_display":false,"_swt_meta_sticky_header":false,"_swt_meta_transparent_header":false,"footnotes":""},"categories":[9],"tags":[],"class_list":["post-1041","post","type-post","status-publish","format-standard","hentry","category-articles"],"uagb_featured_image_src":{"full":false,"thumbnail":false,"medium":false,"medium_large":false,"large":false,"1536x1536":false,"2048x2048":false,"woocommerce_thumbnail":false,"woocommerce_single":false,"woocommerce_gallery_thumbnail":false},"uagb_author_info":{"display_name":"admin9646","author_link":"https:\/\/centrazensudgrenoble.com\/index.php\/author\/admin9646\/"},"uagb_comment_info":0,"uagb_excerpt":"Mois de JUILLET 2024 _ Certification QUALIOPI !!! _ Apr\u00e8s une ann\u00e9e intense, Centrazen, Aurore et Carine seront en cong\u00e9s estivales du 27 Juillet au 19 Ao\u00fbt 2024 ! La reprise des rendez-vous fauteuil massant + lunettes de relaxation se fera d\u00e9s notre retour ! L&#8217;\u00e9quipe de praticiennes continue \u00e0 vous accueillir dans les locaux\u2026","_links":{"self":[{"href":"https:\/\/centrazensudgrenoble.com\/index.php\/wp-json\/wp\/v2\/posts\/1041","targetHints":{"allow":["GET"]}}],"collection":[{"href":"https:\/\/centrazensudgrenoble.com\/index.php\/wp-json\/wp\/v2\/posts"}],"about":[{"href":"https:\/\/centrazensudgrenoble.com\/index.php\/wp-json\/wp\/v2\/types\/post"}],"author":[{"embeddable":true,"href":"https:\/\/centrazensudgrenoble.com\/index.php\/wp-json\/wp\/v2\/users\/1"}],"replies":[{"embeddable":true,"href":"https:\/\/centrazensudgrenoble.com\/index.php\/wp-json\/wp\/v2\/comments?post=1041"}],"version-history":[{"count":4,"href":"https:\/\/centrazensudgrenoble.com\/index.php\/wp-json\/wp\/v2\/posts\/1041\/revisions"}],"predecessor-version":[{"id":1045,"href":"https:\/\/centrazensudgrenoble.com\/index.php\/wp-json\/wp\/v2\/posts\/1041\/revisions\/1045"}],"wp:attachment":[{"href":"https:\/\/centrazensudgrenoble.com\/index.php\/wp-json\/wp\/v2\/media?parent=1041"}],"wp:term":[{"taxonomy":"category","embeddable":true,"href":"https:\/\/centrazensudgrenoble.com\/index.php\/wp-json\/wp\/v2\/categories?post=1041"},{"taxonomy":"post_tag","embeddable":true,"href":"https:\/\/centrazensudgrenoble.com\/index.php\/wp-json\/wp\/v2\/tags?post=1041"}],"curies":[{"name":"wp","href":"https:\/\/api.w.org\/{rel}","templated":true}]}}